[{"@context":"https:\/\/schema.org\/","@type":"Article","@id":"https:\/\/www.sekacik.sk\/bylinne-kupele-pre-krasu-a-zdravie\/#Article","mainEntityOfPage":"https:\/\/www.sekacik.sk\/bylinne-kupele-pre-krasu-a-zdravie\/","headline":"Bylinn\u00e9 k\u00fapele pre kr\u00e1su a zdravie","name":"Bylinn\u00e9 k\u00fapele pre kr\u00e1su a zdravie","description":"V\u017edy sa te\u0161\u00edm na jar, ke\u010f flia\u010diky snehu e\u0161te niekde pripom\u00ednaj\u00fa odch\u00e1dzaj\u00facu zimu na prv\u00e9 rastlinky sa sna\u017eia uk\u00e1za\u0165 svoju jarn\u00fa tv\u00e1r. Prv\u00e9 l\u00edsto\u010dky p\u0155h\u013eavy <a href=\"https:\/\/www.sekacik.sk\/bylinne-kupele-pre-krasu-a-zdravie\/\" class=\"btn btn-link continue-link\">Pre\u010d\u00edta\u0165<\/a>","datePublished":"2019-05-09","dateModified":"2023-04-27","author":{"@type":"Person","@id":"https:\/\/www.sekacik.sk\/author\/#Person","name":"","url":"https:\/\/www.sekacik.sk\/author\/","identifier":1,"image":{"@type":"ImageObject","@id":"https:\/\/secure.gravatar.com\/avatar\/e7b590144558ebad68292226b8af0772e2d53ba82fa105c348ae9b5254e51a11?s=96&d=mm&r=g","url":"https:\/\/secure.gravatar.com\/avatar\/e7b590144558ebad68292226b8af0772e2d53ba82fa105c348ae9b5254e51a11?s=96&d=mm&r=g","height":96,"width":96}},"publisher":{"@type":"Organization","name":"sekacik.sk","logo":{"@type":"ImageObject","@id":"\/logo.png","url":"\/logo.png","width":600,"height":60}},"image":{"@type":"ImageObject","@id":"https:\/\/www.sekacik.sk\/wp-content\/uploads\/img_a301248_w16680_t1558706231.jpg","url":"https:\/\/www.sekacik.sk\/wp-content\/uploads\/img_a301248_w16680_t1558706231.jpg","height":0,"width":0},"url":"https:\/\/www.sekacik.sk\/bylinne-kupele-pre-krasu-a-zdravie\/","about":["Kr\u00e1sa"],"wordCount":482,"articleBody":" V\u017edy sa te\u0161\u00edm na jar, ke\u010f flia\u010diky snehu e\u0161te niekde pripom\u00ednaj\u00fa odch\u00e1dzaj\u00facu zimu na prv\u00e9 rastlinky sa sna\u017eia uk\u00e1za\u0165 svoju jarn\u00fa tv\u00e1r. Prv\u00e9 l\u00edsto\u010dky p\u0155h\u013eavy dvojdomej maj\u00fa vtedy najv\u00e4\u010d\u0161iu silu. Akoby si ju boli uchov\u00e1vali pr\u00e1ve na t\u00fato pr\u00edle\u017eitos\u0165. Nikdy neodol\u00e1m a p\u00e1r tak\u00fdchto l\u00edstkov pou\u017eijem do jedla a z nieko\u013ek\u00fdch si urob\u00edm siln\u00fd v\u00fdvar. Je v\u00fdborn\u00fdm pre na\u0161e vlasy, ale aj pre posilnenie po zime unavenej poko\u017eky. V\u017edy si \u010das\u0165 v\u00fdvaru prid\u00e1m do k\u00fape\u013ea. Stromy tie\u017e nezaost\u00e1vaj\u00fa a chc\u00fa uk\u00e1za\u0165 novoro\u010dn\u00e9 v\u00fdhonky. Tieto s\u00fa svetlej\u0161ej farby, vo\u0148aj\u00fa novotou a na koncoch ihli\u010dnat\u00fdch stromov l\u00e1kaj\u00fa nielen zvieratka. Tie s\u00fa tie\u017e po zime hladn\u00e9 po v\u00fd\u017eivn\u00fdch l\u00e1tkach. Veru, tak\u00e9 v\u00fdnimo\u010dn\u00e9 s\u00fa tieto v\u00fdhonky. Natrhajte si ich p\u00e1r a a kr\u00e1tko povarte. V\u00fdvar pridajte do k\u00fape\u013ea. M\u00f4\u017eete si ich nazbiera\u0165 veru aj viac a ulo\u017ei\u0165 pre obdobie chr\u00edpky. \u010caj z t\u00fdchto v\u00fdhonkov pre\u010dist\u00ed vtedy d\u00fdchacie cesty. M\u00f4\u017eete si ich aj ulo\u017ei\u0165 do medu. Ak ich potom prid\u00e1me do \u010daju- hne\u010f poc\u00edtime \u00fa\u013eavu. Leto je v znamen\u00ed m\u00e4ty priepornej. N\u00e1dhern\u00e1 v\u00f4\u0148a listov pripom\u00edna\u201c peperminitov\u00fa \u017euva\u010dku\u201c, Ak si odtrhneme l\u00edstok a rozdrv\u00edme medzi prstami- nem\u00f4\u017eeme sa pom\u00fdli\u0165. V hor\u00facich d\u0148och ju pou\u017eijeme do miner\u00e1lky, alebo si urob\u00edme \u010daj. Mne najviac v lete pom\u00e1ha ak si urob\u00edm siln\u00fd v\u00fdvar a vlejem do vla\u017enej vody. Ponor\u00edm do tohto k\u00fape\u013ea unaven\u00e9 nohy a je mi hej. Omladn\u00fa o p\u00e1r rokov. Niet h\u00e1dam v lese bylinky, ktor\u00fa by sme nemohli pou\u017ei\u0165 -. Kto \u010do m\u00e1 r\u00e1d a komu \u010do vonia. To v\u0161etko je vhodn\u00e9 na relax v bylinnom k\u00fapeli. \u201eAromoterapia\u201c m\u00e1 predsa z\u00e1zra\u010dn\u00fa moc. Ned\u00e1 sa jednozna\u010dne poveda\u0165, ktor\u00e1 bylinka komu vyhovuje. Pr\u00edroda je tak\u00e1 v\u0161estrann\u00e1, \u017ee naozaj na ka\u017ed\u00fd neduh m\u00e1 svoju bylinku. In\u00e1 p\u00f4sob\u00ed na vlasy, in\u00e1 na poko\u017eku. \u010eal\u0161ia upokojuje myse\u013e a in\u00e1 povzbudzuje metabolizmus. Niektor\u00e9 sa u\u017e\u00edvaj\u00fa vo forme \u010dajov, in\u00e9 na z\u00e1baly a \u010fal\u0161ie do k\u00fape\u013ea. Ka\u017ed\u00fd si ur\u010dite n\u00e1jde bylinku vhodn\u00fa pre seba. Sta\u010d\u00ed vybehn\u00fa\u0165 na l\u00faku alebo do lesa a n\u00e1js\u0165 si to \u010do potrebujeme. Niekedy s\u00fa to v\u00fdhonky, inokedy kvety a listy. \u010casto sa d\u00e1 vyu\u017ei\u0165 aj kore\u0148, alebo dokonca k\u00f4ra stromu. Trhajme a berme ale iba to\u013eko, \u010do potrebujeme. Pr\u00edroda je ti predsa pre n\u00e1s v\u0161etk\u00fdch!                                                                                                                                                                                                                                                                                                                                                                                        4\/5 - (4 votes)        "},{"@context":"https:\/\/schema.org\/","@type":"BreadcrumbList","itemListElement":[{"@type":"ListItem","position":1,"name":"Bylinn\u00e9 k\u00fapele pre kr\u00e1su a zdravie","item":"https:\/\/www.sekacik.sk\/bylinne-kupele-pre-krasu-a-zdravie\/#breadcrumbitem"}]}]