{"@context":"https:\/\/schema.org\/","@type":"CollectionPage","@id":"https:\/\/www.sekacik.sk\/krasa\/#CollectionPage","headline":"Kr\u00e1sa Category","description":"","url":"https:\/\/www.sekacik.sk\/krasa\/","hasPart":[{"@type":"Article","@id":"https:\/\/www.sekacik.sk\/preco-je-second-hand-lepsi-nez-fastfashion\/","headline":"Pre\u010do je second hand lep\u0161\u00ed ne\u017e fastfashion?","url":"https:\/\/www.sekacik.sk\/preco-je-second-hand-lepsi-nez-fastfashion\/","datePublished":"2021-06-07","dateModified":"2023-09-01","mainEntityOfPage":"https:\/\/www.sekacik.sk\/preco-je-second-hand-lepsi-nez-fastfashion\/","author":{"@type":"Person","@id":"https:\/\/www.sekacik.sk\/author\/#Person","name":"","url":"https:\/\/www.sekacik.sk\/author\/","identifier":1,"image":{"@type":"ImageObject","@id":"https:\/\/secure.gravatar.com\/avatar\/e7b590144558ebad68292226b8af0772e2d53ba82fa105c348ae9b5254e51a11?s=96&d=mm&r=g","url":"https:\/\/secure.gravatar.com\/avatar\/e7b590144558ebad68292226b8af0772e2d53ba82fa105c348ae9b5254e51a11?s=96&d=mm&r=g","height":96,"width":96}},"publisher":{"@type":"Organization","name":"sekacik.sk","logo":{"@type":"ImageObject","@id":"\/logo.png","url":"\/logo.png","width":600,"height":60}},"image":{"@type":"ImageObject","@id":"https:\/\/www.sekacik.sk\/wp-content\/uploads\/second%20hand_bJC1DY.jpg","url":"https:\/\/www.sekacik.sk\/wp-content\/uploads\/second%20hand_bJC1DY.jpg","height":0,"width":0},"keywords":null},{"@type":"Article","@id":"https:\/\/www.sekacik.sk\/na-svoje-nohy-nezabudnite-ani-na-letnej-dovolenke\/","headline":"Na svoje nohy nezabudnite ani na letnej dovolenke","url":"https:\/\/www.sekacik.sk\/na-svoje-nohy-nezabudnite-ani-na-letnej-dovolenke\/","datePublished":"2019-09-24","dateModified":"2023-04-27","mainEntityOfPage":"https:\/\/www.sekacik.sk\/na-svoje-nohy-nezabudnite-ani-na-letnej-dovolenke\/","author":{"@type":"Person","@id":"https:\/\/www.sekacik.sk\/author\/#Person","name":"","url":"https:\/\/www.sekacik.sk\/author\/","identifier":1,"image":{"@type":"ImageObject","@id":"https:\/\/secure.gravatar.com\/avatar\/e7b590144558ebad68292226b8af0772e2d53ba82fa105c348ae9b5254e51a11?s=96&d=mm&r=g","url":"https:\/\/secure.gravatar.com\/avatar\/e7b590144558ebad68292226b8af0772e2d53ba82fa105c348ae9b5254e51a11?s=96&d=mm&r=g","height":96,"width":96}},"publisher":{"@type":"Organization","name":"sekacik.sk","logo":{"@type":"ImageObject","@id":"\/logo.png","url":"\/logo.png","width":600,"height":60}},"image":{"@type":"ImageObject","@id":"https:\/\/www.sekacik.sk\/wp-content\/uploads\/img_a308242_w16680_t1574353799.jpg","url":"https:\/\/www.sekacik.sk\/wp-content\/uploads\/img_a308242_w16680_t1574353799.jpg","height":0,"width":0},"keywords":null},{"@type":"Article","@id":"https:\/\/www.sekacik.sk\/ucinky-aloe-vera\/","headline":"\u00da\u010dinky Aloe Vera","url":"https:\/\/www.sekacik.sk\/ucinky-aloe-vera\/","datePublished":"2019-07-01","dateModified":"2023-04-27","mainEntityOfPage":"https:\/\/www.sekacik.sk\/ucinky-aloe-vera\/","author":{"@type":"Person","@id":"https:\/\/www.sekacik.sk\/author\/#Person","name":"","url":"https:\/\/www.sekacik.sk\/author\/","identifier":1,"image":{"@type":"ImageObject","@id":"https:\/\/secure.gravatar.com\/avatar\/e7b590144558ebad68292226b8af0772e2d53ba82fa105c348ae9b5254e51a11?s=96&d=mm&r=g","url":"https:\/\/secure.gravatar.com\/avatar\/e7b590144558ebad68292226b8af0772e2d53ba82fa105c348ae9b5254e51a11?s=96&d=mm&r=g","height":96,"width":96}},"publisher":{"@type":"Organization","name":"sekacik.sk","logo":{"@type":"ImageObject","@id":"\/logo.png","url":"\/logo.png","width":600,"height":60}},"image":{"@type":"ImageObject","@id":"https:\/\/www.sekacik.sk\/wp-content\/uploads\/img_a304175_w16680_t1564584590.jpg","url":"https:\/\/www.sekacik.sk\/wp-content\/uploads\/img_a304175_w16680_t1564584590.jpg","height":0,"width":0},"keywords":null},{"@type":"Article","@id":"https:\/\/www.sekacik.sk\/bylinne-kupele-pre-krasu-a-zdravie\/","headline":"Bylinn\u00e9 k\u00fapele pre kr\u00e1su a zdravie","url":"https:\/\/www.sekacik.sk\/bylinne-kupele-pre-krasu-a-zdravie\/","datePublished":"2019-05-09","dateModified":"2023-04-27","mainEntityOfPage":"https:\/\/www.sekacik.sk\/bylinne-kupele-pre-krasu-a-zdravie\/","author":{"@type":"Person","@id":"https:\/\/www.sekacik.sk\/author\/#Person","name":"","url":"https:\/\/www.sekacik.sk\/author\/","identifier":1,"image":{"@type":"ImageObject","@id":"https:\/\/secure.gravatar.com\/avatar\/e7b590144558ebad68292226b8af0772e2d53ba82fa105c348ae9b5254e51a11?s=96&d=mm&r=g","url":"https:\/\/secure.gravatar.com\/avatar\/e7b590144558ebad68292226b8af0772e2d53ba82fa105c348ae9b5254e51a11?s=96&d=mm&r=g","height":96,"width":96}},"publisher":{"@type":"Organization","name":"sekacik.sk","logo":{"@type":"ImageObject","@id":"\/logo.png","url":"\/logo.png","width":600,"height":60}},"image":{"@type":"ImageObject","@id":"https:\/\/www.sekacik.sk\/wp-content\/uploads\/img_a301248_w16680_t1558706231.jpg","url":"https:\/\/www.sekacik.sk\/wp-content\/uploads\/img_a301248_w16680_t1558706231.jpg","height":0,"width":0},"keywords":null},{"@type":"Article","@id":"https:\/\/www.sekacik.sk\/najlepsie-mobilne-aplikacie-na-vytvaranie-obsahu\/","headline":"Najlep\u0161ie mobiln\u00e9 aplik\u00e1cie na vytv\u00e1ranie obsahu","url":"https:\/\/www.sekacik.sk\/najlepsie-mobilne-aplikacie-na-vytvaranie-obsahu\/","datePublished":"2019-02-12","dateModified":"2023-04-27","mainEntityOfPage":"https:\/\/www.sekacik.sk\/najlepsie-mobilne-aplikacie-na-vytvaranie-obsahu\/","author":{"@type":"Person","@id":"https:\/\/www.sekacik.sk\/author\/#Person","name":"","url":"https:\/\/www.sekacik.sk\/author\/","identifier":1,"image":{"@type":"ImageObject","@id":"https:\/\/secure.gravatar.com\/avatar\/e7b590144558ebad68292226b8af0772e2d53ba82fa105c348ae9b5254e51a11?s=96&d=mm&r=g","url":"https:\/\/secure.gravatar.com\/avatar\/e7b590144558ebad68292226b8af0772e2d53ba82fa105c348ae9b5254e51a11?s=96&d=mm&r=g","height":96,"width":96}},"publisher":{"@type":"Organization","name":"sekacik.sk","logo":{"@type":"ImageObject","@id":"\/logo.png","url":"\/logo.png","width":600,"height":60}},"image":{"@type":"ImageObject","@id":"https:\/\/www.sekacik.sk\/wp-content\/uploads\/img_a297061_w16561_t1550678523.jpg","url":"https:\/\/www.sekacik.sk\/wp-content\/uploads\/img_a297061_w16561_t1550678523.jpg","height":0,"width":0},"keywords":null},{"@type":"Article","@id":"https:\/\/www.sekacik.sk\/vyrieste-svoj-strach\/","headline":"Vyrie\u0161te svoj strach","url":"https:\/\/www.sekacik.sk\/vyrieste-svoj-strach\/","datePublished":"2018-12-24","dateModified":"2023-04-27","mainEntityOfPage":"https:\/\/www.sekacik.sk\/vyrieste-svoj-strach\/","author":{"@type":"Person","@id":"https:\/\/www.sekacik.sk\/author\/#Person","name":"","url":"https:\/\/www.sekacik.sk\/author\/","identifier":1,"image":{"@type":"ImageObject","@id":"https:\/\/secure.gravatar.com\/avatar\/e7b590144558ebad68292226b8af0772e2d53ba82fa105c348ae9b5254e51a11?s=96&d=mm&r=g","url":"https:\/\/secure.gravatar.com\/avatar\/e7b590144558ebad68292226b8af0772e2d53ba82fa105c348ae9b5254e51a11?s=96&d=mm&r=g","height":96,"width":96}},"publisher":{"@type":"Organization","name":"sekacik.sk","logo":{"@type":"ImageObject","@id":"\/logo.png","url":"\/logo.png","width":600,"height":60}},"image":{"@type":"ImageObject","@id":"https:\/\/www.sekacik.sk\/wp-content\/uploads\/img_a295056_w16680_t1546017932.jpg","url":"https:\/\/www.sekacik.sk\/wp-content\/uploads\/img_a295056_w16680_t1546017932.jpg","height":0,"width":0},"keywords":null},{"@type":"Article","@id":"https:\/\/www.sekacik.sk\/viete-co-skodi-vasim-nechtom\/","headline":"Viete \u010do \u0161kod\u00ed va\u0161im nechtom?","url":"https:\/\/www.sekacik.sk\/viete-co-skodi-vasim-nechtom\/","datePublished":"2018-12-12","dateModified":"2023-04-27","mainEntityOfPage":"https:\/\/www.sekacik.sk\/viete-co-skodi-vasim-nechtom\/","author":{"@type":"Person","@id":"https:\/\/www.sekacik.sk\/author\/#Person","name":"","url":"https:\/\/www.sekacik.sk\/author\/","identifier":1,"image":{"@type":"ImageObject","@id":"https:\/\/secure.gravatar.com\/avatar\/e7b590144558ebad68292226b8af0772e2d53ba82fa105c348ae9b5254e51a11?s=96&d=mm&r=g","url":"https:\/\/secure.gravatar.com\/avatar\/e7b590144558ebad68292226b8af0772e2d53ba82fa105c348ae9b5254e51a11?s=96&d=mm&r=g","height":96,"width":96}},"publisher":{"@type":"Organization","name":"sekacik.sk","logo":{"@type":"ImageObject","@id":"\/logo.png","url":"\/logo.png","width":600,"height":60}},"image":{"@type":"ImageObject","@id":"https:\/\/www.sekacik.sk\/wp-content\/uploads\/img_a296754_w16680_t1549988652.jpg","url":"https:\/\/www.sekacik.sk\/wp-content\/uploads\/img_a296754_w16680_t1549988652.jpg","height":0,"width":0},"keywords":null},{"@type":"Article","@id":"https:\/\/www.sekacik.sk\/nedajte-lupinam-sancu\/","headline":"Nedajte lupin\u00e1m \u0161ancu","url":"https:\/\/www.sekacik.sk\/nedajte-lupinam-sancu\/","datePublished":"2018-10-06","dateModified":"2023-04-27","mainEntityOfPage":"https:\/\/www.sekacik.sk\/nedajte-lupinam-sancu\/","author":{"@type":"Person","@id":"https:\/\/www.sekacik.sk\/author\/#Person","name":"","url":"https:\/\/www.sekacik.sk\/author\/","identifier":1,"image":{"@type":"ImageObject","@id":"https:\/\/secure.gravatar.com\/avatar\/e7b590144558ebad68292226b8af0772e2d53ba82fa105c348ae9b5254e51a11?s=96&d=mm&r=g","url":"https:\/\/secure.gravatar.com\/avatar\/e7b590144558ebad68292226b8af0772e2d53ba82fa105c348ae9b5254e51a11?s=96&d=mm&r=g","height":96,"width":96}},"publisher":{"@type":"Organization","name":"sekacik.sk","logo":{"@type":"ImageObject","@id":"\/logo.png","url":"\/logo.png","width":600,"height":60}},"image":{"@type":"ImageObject","@id":"https:\/\/www.sekacik.sk\/wp-content\/uploads\/img_a294427_w16680_t1544118920.jpg","url":"https:\/\/www.sekacik.sk\/wp-content\/uploads\/img_a294427_w16680_t1544118920.jpg","height":0,"width":0},"keywords":null},{"@type":"Article","@id":"https:\/\/www.sekacik.sk\/v-skolke-sa-ma-pacit-hlavne-vasim-detom\/","headline":"V \u0161k\u00f4lke sa m\u00e1 p\u00e1\u010di\u0165 hlavne va\u0161im de\u0165om","url":"https:\/\/www.sekacik.sk\/v-skolke-sa-ma-pacit-hlavne-vasim-detom\/","datePublished":"2017-05-22","dateModified":"2023-04-27","mainEntityOfPage":"https:\/\/www.sekacik.sk\/v-skolke-sa-ma-pacit-hlavne-vasim-detom\/","author":{"@type":"Person","@id":"https:\/\/www.sekacik.sk\/author\/#Person","name":"","url":"https:\/\/www.sekacik.sk\/author\/","identifier":1,"image":{"@type":"ImageObject","@id":"https:\/\/secure.gravatar.com\/avatar\/e7b590144558ebad68292226b8af0772e2d53ba82fa105c348ae9b5254e51a11?s=96&d=mm&r=g","url":"https:\/\/secure.gravatar.com\/avatar\/e7b590144558ebad68292226b8af0772e2d53ba82fa105c348ae9b5254e51a11?s=96&d=mm&r=g","height":96,"width":96}},"publisher":{"@type":"Organization","name":"sekacik.sk","logo":{"@type":"ImageObject","@id":"\/logo.png","url":"\/logo.png","width":600,"height":60}},"image":{"@type":"ImageObject","@id":"https:\/\/www.sekacik.sk\/wp-content\/uploads\/img_a281773_w2036_t1501234744.jpg","url":"https:\/\/www.sekacik.sk\/wp-content\/uploads\/img_a281773_w2036_t1501234744.jpg","height":0,"width":0},"keywords":null},{"@type":"Article","@id":"https:\/\/www.sekacik.sk\/kedy-ale-zacat\/","headline":"Kedy ale za\u010da\u0165?","url":"https:\/\/www.sekacik.sk\/kedy-ale-zacat\/","datePublished":"2017-05-05","dateModified":"2023-04-27","mainEntityOfPage":"https:\/\/www.sekacik.sk\/kedy-ale-zacat\/","author":{"@type":"Person","@id":"https:\/\/www.sekacik.sk\/author\/#Person","name":"","url":"https:\/\/www.sekacik.sk\/author\/","identifier":1,"image":{"@type":"ImageObject","@id":"https:\/\/secure.gravatar.com\/avatar\/e7b590144558ebad68292226b8af0772e2d53ba82fa105c348ae9b5254e51a11?s=96&d=mm&r=g","url":"https:\/\/secure.gravatar.com\/avatar\/e7b590144558ebad68292226b8af0772e2d53ba82fa105c348ae9b5254e51a11?s=96&d=mm&r=g","height":96,"width":96}},"publisher":{"@type":"Organization","name":"sekacik.sk","logo":{"@type":"ImageObject","@id":"\/logo.png","url":"\/logo.png","width":600,"height":60}},"image":{"@type":"ImageObject","@id":"https:\/\/www.sekacik.sk\/wp-content\/uploads\/img_a281584_w16467_t1501066428.jpg","url":"https:\/\/www.sekacik.sk\/wp-content\/uploads\/img_a281584_w16467_t1501066428.jpg","height":0,"width":0},"keywords":null}]}