[{"@context":"https:\/\/schema.org\/","@type":"Article","@id":"https:\/\/www.sekacik.sk\/krasne-obdobie-pohody\/#Article","mainEntityOfPage":"https:\/\/www.sekacik.sk\/krasne-obdobie-pohody\/","headline":"Kr\u00e1sne obdobie pohody","name":"Kr\u00e1sne obdobie pohody","description":"Sama osobne nepozn\u00e1m azda nikoho, kto by nemal r\u00e1d a nete\u0161il sa na Vianoce. Toto obdobie predstavuje u \u010dloveka obdobie k\u013eudu, ktor\u00e9ho m\u00e1me v\u00e4\u010d\u0161inou skoro <a href=\"https:\/\/www.sekacik.sk\/krasne-obdobie-pohody\/\" class=\"btn btn-link continue-link\">Pre\u010d\u00edta\u0165<\/a>","datePublished":"2019-05-05","dateModified":"2023-04-27","author":{"@type":"Person","@id":"https:\/\/www.sekacik.sk\/author\/#Person","name":"","url":"https:\/\/www.sekacik.sk\/author\/","identifier":1,"image":{"@type":"ImageObject","@id":"https:\/\/secure.gravatar.com\/avatar\/e7b590144558ebad68292226b8af0772e2d53ba82fa105c348ae9b5254e51a11?s=96&d=mm&r=g","url":"https:\/\/secure.gravatar.com\/avatar\/e7b590144558ebad68292226b8af0772e2d53ba82fa105c348ae9b5254e51a11?s=96&d=mm&r=g","height":96,"width":96}},"publisher":{"@type":"Organization","name":"sekacik.sk","logo":{"@type":"ImageObject","@id":"\/logo.png","url":"\/logo.png","width":600,"height":60}},"image":{"@type":"ImageObject","@id":"https:\/\/www.sekacik.sk\/wp-content\/uploads\/img_a301320_w16680_t1558804421.jpg","url":"https:\/\/www.sekacik.sk\/wp-content\/uploads\/img_a301320_w16680_t1558804421.jpg","height":0,"width":0},"url":"https:\/\/www.sekacik.sk\/krasne-obdobie-pohody\/","about":["Deti\r"],"wordCount":408,"articleBody":"Sama osobne nepozn\u00e1m azda nikoho, kto by nemal r\u00e1d a nete\u0161il sa na Vianoce. Toto obdobie predstavuje u \u010dloveka obdobie k\u013eudu, ktor\u00e9ho m\u00e1me v\u00e4\u010d\u0161inou skoro v\u0161etci po\u010das cel\u00e9ho roka nedostatok.  Viano\u010dn\u00e9 sviatky s\u00fa teda tie na ktor\u00e9 sa ka\u017ed\u00fd rok a cel\u00fd rok ve\u013emi te\u0161\u00edme, preto sa n\u00e1m sp\u00e1jaj\u00fa s domovom, oddychom a rodinou, preto\u017ee t\u00e1 by mala pr\u00e1ve v tomto obdob\u00ed dr\u017ea\u0165 spolu a pripom\u00edna\u0165 si tak jej d\u00f4le\u017eitos\u0165. Rodina je predsa to najd\u00f4le\u017eitej\u0161ie \u010do m\u00e1me, rodi\u010dov a s\u00farodencov m\u00e1me len p\u00e1r, a ako sa aj rozumne vrav\u00ed, krv nie je voda. A ktor\u00e9 obdobie, ke\u010f u\u017e nie Vianoce je lep\u0161\u00edm na uzmierovanie a zahadzovanie v\u0161etk\u00fdch zbyto\u010dn\u00fdch sporov, ktor\u00e9 n\u00e1m br\u00e1nia v tom, aby sme si \u017eivot u\u017e\u00edvali a ctili po boku na\u0161ich najbli\u017e\u0161\u00edch a najd\u00f4le\u017eitej\u0161\u00edch \u013eud\u00ed. Toto obdobie je ve\u013emi v\u00fdznamn\u00e9 nie len pre n\u00e1s, dospel\u00fdch, ale aj pre na\u0161e deti. Deti sa odjak\u017eiva te\u0161ili na obdobie Vianoc, preto\u017ee sa nevedeli do\u010dka\u0165 kopcov dar\u010dekov, v kr\u00e1sne zabalen\u00fdch \u0161katu\u013ek\u00e1ch a krabi\u010dk\u00e1ch s ve\u013ek\u00fdmi ma\u0161\u013eami, ktor\u00e9 si ka\u017ed\u00fd rok na\u0161li pod viano\u010dn\u00fdm strom\u010dekom. Ktor\u00fd predstavuje jeden zo z\u00e1kladn\u00fdch a ve\u013emi d\u00f4le\u017eit\u00fdch symbolov cel\u00fdch Vianoc. Vianoce u\u017e od nepam\u00e4ti vylep\u0161uj\u00fa de\u0165om r\u00f4zne historky a predstavy o Je\u017ei\u0161kovi, ktor\u00ed im dar\u010deky dopraje, na z\u00e1klade toho, ako ve\u013emi posl\u00fachali cel\u00fd rok svojich rodi\u010dov. Pr\u00e1ve t\u00e1to kr\u00e1sna a nevinn\u00e1 lo\u017e motivuje na\u0161e deti, aby sa spr\u00e1vali pekne, preto\u017ee ak bud\u00fa, dobr\u00e9 spr\u00e1vanie sa oce\u0148uje. Ale je to skuto\u010dne tak? ? My dospel\u00ed vieme, \u017ee nie. Ale mal\u00e1 dobrosrde\u010dn\u00e1 lo\u017e, ktor\u00e1 prin\u00e1\u0161a na\u0161im de\u0165om rados\u0165 a dok\u00e1\u017ee ich efekt\u00edvne vtiahnu\u0165 do kr\u00e1sneho rozpr\u00e1vkov\u00e9ho detsk\u00e9ho sveta ur\u010dite nie je a \u0161kodu. De\u0165om t\u00fdm ur\u010dite neubl\u00ed\u017eite, len si mus\u00edte poriadne premyslie\u0165, kedy toto va\u0161e mal\u00e9\/ve\u013ek\u00e9 tajomstvo svojim mal\u00fdm drobcom prezrad\u00edte, aby ste ich neranili ani pr\u00edli\u0161 ne\u0161okovali.                                                                                                                                                                                                                                                                                                                                                                                        4.3\/5 - (3 votes)        "},{"@context":"https:\/\/schema.org\/","@type":"BreadcrumbList","itemListElement":[{"@type":"ListItem","position":1,"name":"Kr\u00e1sne obdobie pohody","item":"https:\/\/www.sekacik.sk\/krasne-obdobie-pohody\/#breadcrumbitem"}]}]