{"@context":"https:\/\/schema.org\/","@type":"CollectionPage","@id":"https:\/\/www.sekacik.sk\/podnikanie\/#CollectionPage","headline":"Podnikanie Category","description":"","url":"https:\/\/www.sekacik.sk\/podnikanie\/","hasPart":[{"@type":"Article","@id":"https:\/\/www.sekacik.sk\/spojenie-zanikajucich-firiem-do-novej-spolocnosti\/","headline":"Spojenie zanikaj\u00facich firiem do novej spolo\u010dnosti","url":"https:\/\/www.sekacik.sk\/spojenie-zanikajucich-firiem-do-novej-spolocnosti\/","datePublished":"2021-10-10","dateModified":"2023-04-27","mainEntityOfPage":"https:\/\/www.sekacik.sk\/spojenie-zanikajucich-firiem-do-novej-spolocnosti\/","author":{"@type":"Person","@id":"https:\/\/www.sekacik.sk\/author\/#Person","name":"","url":"https:\/\/www.sekacik.sk\/author\/","identifier":1,"image":{"@type":"ImageObject","@id":"https:\/\/secure.gravatar.com\/avatar\/e7b590144558ebad68292226b8af0772e2d53ba82fa105c348ae9b5254e51a11?s=96&d=mm&r=g","url":"https:\/\/secure.gravatar.com\/avatar\/e7b590144558ebad68292226b8af0772e2d53ba82fa105c348ae9b5254e51a11?s=96&d=mm&r=g","height":96,"width":96}},"publisher":{"@type":"Organization","name":"sekacik.sk","logo":{"@type":"ImageObject","@id":"\/logo.png","url":"\/logo.png","width":600,"height":60}},"image":{"@type":"ImageObject","@id":"https:\/\/www.sekacik.sk\/wp-content\/uploads\/Valn%C3%A9%20zhroma%C5%BEdenie.jpg","url":"https:\/\/www.sekacik.sk\/wp-content\/uploads\/Valn%C3%A9%20zhroma%C5%BEdenie.jpg","height":0,"width":0},"keywords":null},{"@type":"Article","@id":"https:\/\/www.sekacik.sk\/oddych-a-masaz-ako-liek-proti-znizenemu-libidu\/","headline":"Oddych a mas\u00e1\u017e ako liek proti zn\u00ed\u017een\u00e9mu libidu","url":"https:\/\/www.sekacik.sk\/oddych-a-masaz-ako-liek-proti-znizenemu-libidu\/","datePublished":"2021-07-06","dateModified":"2023-04-27","mainEntityOfPage":"https:\/\/www.sekacik.sk\/oddych-a-masaz-ako-liek-proti-znizenemu-libidu\/","author":{"@type":"Person","@id":"https:\/\/www.sekacik.sk\/author\/#Person","name":"","url":"https:\/\/www.sekacik.sk\/author\/","identifier":1,"image":{"@type":"ImageObject","@id":"https:\/\/secure.gravatar.com\/avatar\/e7b590144558ebad68292226b8af0772e2d53ba82fa105c348ae9b5254e51a11?s=96&d=mm&r=g","url":"https:\/\/secure.gravatar.com\/avatar\/e7b590144558ebad68292226b8af0772e2d53ba82fa105c348ae9b5254e51a11?s=96&d=mm&r=g","height":96,"width":96}},"publisher":{"@type":"Organization","name":"sekacik.sk","logo":{"@type":"ImageObject","@id":"\/logo.png","url":"\/logo.png","width":600,"height":60}},"image":{"@type":"ImageObject","@id":"https:\/\/www.sekacik.sk\/wp-content\/uploads\/p%C3%A1r,%20mu%C5%BE%20a%20%C5%BEena_1.jpg","url":"https:\/\/www.sekacik.sk\/wp-content\/uploads\/p%C3%A1r,%20mu%C5%BE%20a%20%C5%BEena_1.jpg","height":0,"width":0},"keywords":null},{"@type":"Article","@id":"https:\/\/www.sekacik.sk\/ako-vybrat-vhodnych-zamestnancov\/","headline":"Ako vybra\u0165 vhodn\u00fdch zamestnancov?","url":"https:\/\/www.sekacik.sk\/ako-vybrat-vhodnych-zamestnancov\/","datePublished":"2021-05-11","dateModified":"2023-04-27","mainEntityOfPage":"https:\/\/www.sekacik.sk\/ako-vybrat-vhodnych-zamestnancov\/","author":{"@type":"Person","@id":"https:\/\/www.sekacik.sk\/author\/#Person","name":"","url":"https:\/\/www.sekacik.sk\/author\/","identifier":1,"image":{"@type":"ImageObject","@id":"https:\/\/secure.gravatar.com\/avatar\/e7b590144558ebad68292226b8af0772e2d53ba82fa105c348ae9b5254e51a11?s=96&d=mm&r=g","url":"https:\/\/secure.gravatar.com\/avatar\/e7b590144558ebad68292226b8af0772e2d53ba82fa105c348ae9b5254e51a11?s=96&d=mm&r=g","height":96,"width":96}},"publisher":{"@type":"Organization","name":"sekacik.sk","logo":{"@type":"ImageObject","@id":"\/logo.png","url":"\/logo.png","width":600,"height":60}},"image":{"@type":"ImageObject","@id":"https:\/\/www.sekacik.sk\/wp-content\/uploads\/personalistika_jKrZti.jpg","url":"https:\/\/www.sekacik.sk\/wp-content\/uploads\/personalistika_jKrZti.jpg","height":0,"width":0},"keywords":null},{"@type":"Article","@id":"https:\/\/www.sekacik.sk\/ako-najst-a-spolupracovat-so-slovenskym-architektom\/","headline":"Ako n\u00e1js\u0165 a spolupracova\u0165 so slovensk\u00fdm architektom","url":"https:\/\/www.sekacik.sk\/ako-najst-a-spolupracovat-so-slovenskym-architektom\/","datePublished":"2021-03-13","dateModified":"2023-09-22","mainEntityOfPage":"https:\/\/www.sekacik.sk\/ako-najst-a-spolupracovat-so-slovenskym-architektom\/","author":{"@type":"Person","@id":"https:\/\/www.sekacik.sk\/author\/#Person","name":"","url":"https:\/\/www.sekacik.sk\/author\/","identifier":1,"image":{"@type":"ImageObject","@id":"https:\/\/secure.gravatar.com\/avatar\/e7b590144558ebad68292226b8af0772e2d53ba82fa105c348ae9b5254e51a11?s=96&d=mm&r=g","url":"https:\/\/secure.gravatar.com\/avatar\/e7b590144558ebad68292226b8af0772e2d53ba82fa105c348ae9b5254e51a11?s=96&d=mm&r=g","height":96,"width":96}},"publisher":{"@type":"Organization","name":"sekacik.sk","logo":{"@type":"ImageObject","@id":"\/logo.png","url":"\/logo.png","width":600,"height":60}},"image":{"@type":"ImageObject","@id":"https:\/\/www.sekacik.sk\/wp-content\/uploads\/stretnutie,%20pl%C3%A1ny.jpg","url":"https:\/\/www.sekacik.sk\/wp-content\/uploads\/stretnutie,%20pl%C3%A1ny.jpg","height":0,"width":0},"keywords":null},{"@type":"Article","@id":"https:\/\/www.sekacik.sk\/cookies-pomocnik-ci-nutne-zlo\/","headline":"Cookies &#8211; pomocn\u00edk, \u010di nutn\u00e9 zlo?","url":"https:\/\/www.sekacik.sk\/cookies-pomocnik-ci-nutne-zlo\/","datePublished":"2021-02-17","dateModified":"2023-04-27","mainEntityOfPage":"https:\/\/www.sekacik.sk\/cookies-pomocnik-ci-nutne-zlo\/","author":{"@type":"Person","@id":"https:\/\/www.sekacik.sk\/author\/#Person","name":"","url":"https:\/\/www.sekacik.sk\/author\/","identifier":1,"image":{"@type":"ImageObject","@id":"https:\/\/secure.gravatar.com\/avatar\/e7b590144558ebad68292226b8af0772e2d53ba82fa105c348ae9b5254e51a11?s=96&d=mm&r=g","url":"https:\/\/secure.gravatar.com\/avatar\/e7b590144558ebad68292226b8af0772e2d53ba82fa105c348ae9b5254e51a11?s=96&d=mm&r=g","height":96,"width":96}},"publisher":{"@type":"Organization","name":"sekacik.sk","logo":{"@type":"ImageObject","@id":"\/logo.png","url":"\/logo.png","width":600,"height":60}},"image":{"@type":"ImageObject","@id":"https:\/\/www.sekacik.sk\/wp-content\/uploads\/Stranka.jpg","url":"https:\/\/www.sekacik.sk\/wp-content\/uploads\/Stranka.jpg","height":0,"width":0},"keywords":null},{"@type":"Article","@id":"https:\/\/www.sekacik.sk\/starsie-elektricke-obvody-alebo-nepodcenujte-odbornu-reviziu-elektroinstalacii\/","headline":"Star\u0161ie elektrick\u00e9 obvody alebo nepodce\u0148ujte odborn\u00fa rev\u00edziu elektroin\u0161tal\u00e1ci\u00ed","url":"https:\/\/www.sekacik.sk\/starsie-elektricke-obvody-alebo-nepodcenujte-odbornu-reviziu-elektroinstalacii\/","datePublished":"2019-12-21","dateModified":"2023-04-27","mainEntityOfPage":"https:\/\/www.sekacik.sk\/starsie-elektricke-obvody-alebo-nepodcenujte-odbornu-reviziu-elektroinstalacii\/","author":{"@type":"Person","@id":"https:\/\/www.sekacik.sk\/author\/#Person","name":"","url":"https:\/\/www.sekacik.sk\/author\/","identifier":1,"image":{"@type":"ImageObject","@id":"https:\/\/secure.gravatar.com\/avatar\/e7b590144558ebad68292226b8af0772e2d53ba82fa105c348ae9b5254e51a11?s=96&d=mm&r=g","url":"https:\/\/secure.gravatar.com\/avatar\/e7b590144558ebad68292226b8af0772e2d53ba82fa105c348ae9b5254e51a11?s=96&d=mm&r=g","height":96,"width":96}},"publisher":{"@type":"Organization","name":"sekacik.sk","logo":{"@type":"ImageObject","@id":"\/logo.png","url":"\/logo.png","width":600,"height":60}},"image":{"@type":"ImageObject","@id":"https:\/\/www.sekacik.sk\/wp-content\/uploads\/img_a309948_w16680_t1580837150.jpg","url":"https:\/\/www.sekacik.sk\/wp-content\/uploads\/img_a309948_w16680_t1580837150.jpg","height":0,"width":0},"keywords":null},{"@type":"Article","@id":"https:\/\/www.sekacik.sk\/ochranna-znamka-sposob-ako-ochranit-svoje-podnikanie\/","headline":"Ochrann\u00e1 zn\u00e1mka- sp\u00f4sob ako ochr\u00e1ni\u0165 svoje podnikanie","url":"https:\/\/www.sekacik.sk\/ochranna-znamka-sposob-ako-ochranit-svoje-podnikanie\/","datePublished":"2019-11-17","dateModified":"2023-04-27","mainEntityOfPage":"https:\/\/www.sekacik.sk\/ochranna-znamka-sposob-ako-ochranit-svoje-podnikanie\/","author":{"@type":"Person","@id":"https:\/\/www.sekacik.sk\/author\/#Person","name":"","url":"https:\/\/www.sekacik.sk\/author\/","identifier":1,"image":{"@type":"ImageObject","@id":"https:\/\/secure.gravatar.com\/avatar\/e7b590144558ebad68292226b8af0772e2d53ba82fa105c348ae9b5254e51a11?s=96&d=mm&r=g","url":"https:\/\/secure.gravatar.com\/avatar\/e7b590144558ebad68292226b8af0772e2d53ba82fa105c348ae9b5254e51a11?s=96&d=mm&r=g","height":96,"width":96}},"publisher":{"@type":"Organization","name":"sekacik.sk","logo":{"@type":"ImageObject","@id":"\/logo.png","url":"\/logo.png","width":600,"height":60}},"image":{"@type":"ImageObject","@id":"https:\/\/www.sekacik.sk\/wp-content\/uploads\/img_a299427_w16680_t1555568857.jpg","url":"https:\/\/www.sekacik.sk\/wp-content\/uploads\/img_a299427_w16680_t1555568857.jpg","height":0,"width":0},"keywords":null},{"@type":"Article","@id":"https:\/\/www.sekacik.sk\/zlata-poctiva-tekutina-je-zavisla-od-vciel\/","headline":"Zlat\u00e1 poctiv\u00e1 tekutina je z\u00e1visl\u00e1 od v\u010diel","url":"https:\/\/www.sekacik.sk\/zlata-poctiva-tekutina-je-zavisla-od-vciel\/","datePublished":"2019-11-15","dateModified":"2023-04-27","mainEntityOfPage":"https:\/\/www.sekacik.sk\/zlata-poctiva-tekutina-je-zavisla-od-vciel\/","author":{"@type":"Person","@id":"https:\/\/www.sekacik.sk\/author\/#Person","name":"","url":"https:\/\/www.sekacik.sk\/author\/","identifier":1,"image":{"@type":"ImageObject","@id":"https:\/\/secure.gravatar.com\/avatar\/e7b590144558ebad68292226b8af0772e2d53ba82fa105c348ae9b5254e51a11?s=96&d=mm&r=g","url":"https:\/\/secure.gravatar.com\/avatar\/e7b590144558ebad68292226b8af0772e2d53ba82fa105c348ae9b5254e51a11?s=96&d=mm&r=g","height":96,"width":96}},"publisher":{"@type":"Organization","name":"sekacik.sk","logo":{"@type":"ImageObject","@id":"\/logo.png","url":"\/logo.png","width":600,"height":60}},"image":{"@type":"ImageObject","@id":"https:\/\/www.sekacik.sk\/wp-content\/uploads\/img_a299829_w16680_t1556292211.jpg","url":"https:\/\/www.sekacik.sk\/wp-content\/uploads\/img_a299829_w16680_t1556292211.jpg","height":0,"width":0},"keywords":null},{"@type":"Article","@id":"https:\/\/www.sekacik.sk\/kolko-vas-bude-stat-kompletna-vymena-pneumatik\/","headline":"Ko\u013eko v\u00e1s bude st\u00e1\u0165 kompletn\u00e1 v\u00fdmena pneumat\u00edk","url":"https:\/\/www.sekacik.sk\/kolko-vas-bude-stat-kompletna-vymena-pneumatik\/","datePublished":"2019-10-08","dateModified":"2023-04-27","mainEntityOfPage":"https:\/\/www.sekacik.sk\/kolko-vas-bude-stat-kompletna-vymena-pneumatik\/","author":{"@type":"Person","@id":"https:\/\/www.sekacik.sk\/author\/#Person","name":"","url":"https:\/\/www.sekacik.sk\/author\/","identifier":1,"image":{"@type":"ImageObject","@id":"https:\/\/secure.gravatar.com\/avatar\/e7b590144558ebad68292226b8af0772e2d53ba82fa105c348ae9b5254e51a11?s=96&d=mm&r=g","url":"https:\/\/secure.gravatar.com\/avatar\/e7b590144558ebad68292226b8af0772e2d53ba82fa105c348ae9b5254e51a11?s=96&d=mm&r=g","height":96,"width":96}},"publisher":{"@type":"Organization","name":"sekacik.sk","logo":{"@type":"ImageObject","@id":"\/logo.png","url":"\/logo.png","width":600,"height":60}},"image":{"@type":"ImageObject","@id":"https:\/\/www.sekacik.sk\/wp-content\/uploads\/img_a308603_w16680_t1575652446.jpg","url":"https:\/\/www.sekacik.sk\/wp-content\/uploads\/img_a308603_w16680_t1575652446.jpg","height":0,"width":0},"keywords":null},{"@type":"Article","@id":"https:\/\/www.sekacik.sk\/ako-danova-reforma-meni-vyzivne-a-zakonne-danove-povinnosti\/","headline":"Ako da\u0148ov\u00e1 reforma men\u00ed v\u00fd\u017eivn\u00e9 a z\u00e1konn\u00e9 da\u0148ov\u00e9 povinnosti","url":"https:\/\/www.sekacik.sk\/ako-danova-reforma-meni-vyzivne-a-zakonne-danove-povinnosti\/","datePublished":"2019-07-10","dateModified":"2023-04-27","mainEntityOfPage":"https:\/\/www.sekacik.sk\/ako-danova-reforma-meni-vyzivne-a-zakonne-danove-povinnosti\/","author":{"@type":"Person","@id":"https:\/\/www.sekacik.sk\/author\/#Person","name":"","url":"https:\/\/www.sekacik.sk\/author\/","identifier":1,"image":{"@type":"ImageObject","@id":"https:\/\/secure.gravatar.com\/avatar\/e7b590144558ebad68292226b8af0772e2d53ba82fa105c348ae9b5254e51a11?s=96&d=mm&r=g","url":"https:\/\/secure.gravatar.com\/avatar\/e7b590144558ebad68292226b8af0772e2d53ba82fa105c348ae9b5254e51a11?s=96&d=mm&r=g","height":96,"width":96}},"publisher":{"@type":"Organization","name":"sekacik.sk","logo":{"@type":"ImageObject","@id":"\/logo.png","url":"\/logo.png","width":600,"height":60}},"image":{"@type":"ImageObject","@id":"https:\/\/www.sekacik.sk\/wp-content\/uploads\/img_a304089_w16680_t1564507690.jpg","url":"https:\/\/www.sekacik.sk\/wp-content\/uploads\/img_a304089_w16680_t1564507690.jpg","height":0,"width":0},"keywords":null}]}