[{"@context":"https:\/\/schema.org\/","@type":"Article","@id":"https:\/\/www.sekacik.sk\/ste-spokojna-so-svojou-manikurou\/#Article","mainEntityOfPage":"https:\/\/www.sekacik.sk\/ste-spokojna-so-svojou-manikurou\/","headline":"Ste spokojn\u00e1 so svojou manik\u00farou?","name":"Ste spokojn\u00e1 so svojou manik\u00farou?","description":"Odkedy som sa za\u010dala zauj\u00edma\u0165 o to, ako vyzer\u00e1m a v akom som stave je cel\u00e9 moje telo, za\u010dala som sa zauj\u00edma\u0165 aj o svoje <a href=\"https:\/\/www.sekacik.sk\/ste-spokojna-so-svojou-manikurou\/\" class=\"btn btn-link continue-link\">Pre\u010d\u00edta\u0165<\/a>","datePublished":"2018-09-13","dateModified":"2023-04-27","author":{"@type":"Person","@id":"https:\/\/www.sekacik.sk\/author\/#Person","name":"","url":"https:\/\/www.sekacik.sk\/author\/","identifier":1,"image":{"@type":"ImageObject","@id":"https:\/\/secure.gravatar.com\/avatar\/e7b590144558ebad68292226b8af0772e2d53ba82fa105c348ae9b5254e51a11?s=96&d=mm&r=g","url":"https:\/\/secure.gravatar.com\/avatar\/e7b590144558ebad68292226b8af0772e2d53ba82fa105c348ae9b5254e51a11?s=96&d=mm&r=g","height":96,"width":96}},"publisher":{"@type":"Organization","name":"sekacik.sk","logo":{"@type":"ImageObject","@id":"\/logo.png","url":"\/logo.png","width":600,"height":60}},"image":{"@type":"ImageObject","@id":"https:\/\/www.sekacik.sk\/wp-content\/uploads\/img_a291139_w16528_t1537342230.jpg","url":"https:\/\/www.sekacik.sk\/wp-content\/uploads\/img_a291139_w16528_t1537342230.jpg","height":0,"width":0},"url":"https:\/\/www.sekacik.sk\/ste-spokojna-so-svojou-manikurou\/","about":["V\u00fdrobky"],"wordCount":411,"articleBody":" Odkedy som sa za\u010dala zauj\u00edma\u0165 o to, ako vyzer\u00e1m a v akom som stave je cel\u00e9 moje telo, za\u010dala som sa zauj\u00edma\u0165 aj o svoje nechty. Asi je jasn\u00e9, \u017ee nie ka\u017ed\u00fd sa na tak\u00e9to veci zameriava a nie pre ka\u017ed\u00e9ho je to d\u00f4le\u017eit\u00e9, no ja som \u010dlovek, ktor\u00fd si zaklad\u00e1 na mali\u010dkostiach. A aj moja manik\u00fara musela by\u0165 perfektn\u00e1, ke\u010f\u017ee som chcela, aby som sa dobre c\u00edtila a aby bolo v\u0161etko v najlep\u0161om poriadku. Ot\u00e1zkou v\u0161ak bolo, ako to vymyslie\u0165 tak, aby ma to neprestalo po \u010dase nudi\u0165? Preto\u017ee nech sa deje \u010doko\u013evek, nakoniec sa v\u00e4\u010d\u0161inou ka\u017ed\u00fd za\u010dne nudi\u0165.  Nuda je pre m\u0148a \u00faplne najv\u00e4\u010d\u0161\u00ed zabijak, ak\u00fd kedy existoval. Dobre, teraz trochu preh\u00e1\u0148am, ale ur\u010dite viete, \u010do v\u00e1m t\u00fdm chcem poveda\u0165. Chcem proste, aby bolo v\u0161etko perfektn\u00e9 a to sa ve\u013emi ned\u00e1 dosiahnu\u0165, ke\u010f veci nejd\u00fa pod\u013ea pl\u00e1nu. Rozhodla som sa, \u017ee sa nude vyhnem tak, \u017ee neupadnem do stereotypu. To je pre m\u0148a naozaj podstatn\u00e9, preto\u017ee ke\u010f padnem do stereotypu, je to v\u0161etko v keli. A aj v manik\u00fare mus\u00ed by\u0165 v\u0161etko pestr\u00e9 a rozdielne, aby veci dok\u00e1zali by\u0165 v pokoji a v pohode. Verte tomu, \u017ee to k \u017eivotu naozaj potrebujete. Je to v\u0161ak len na v\u00e1s.  Ak chcete myslie\u0165 na veci, ktor\u00e9 v\u00e1s obklopuj\u00fa, verte tomu, \u017ee niekedy mus\u00edte urobi\u0165 nie\u010do navy\u0161e. \u017de sa jednoducho mus\u00edte pohn\u00fa\u0165 z miesta a mus\u00edte sa zamera\u0165 na veci, ktor\u00e9 v\u00e1s bud\u00fa v\u017edy pos\u00fava\u0165 \u010falej. Aj napriek tomu, \u017ee manik\u00fara mo\u017eno svet nespas\u00ed, v\u00e1\u0161 \u017eivot v\u010faka nej m\u00f4\u017ee by\u0165 naozaj lep\u0161\u00ed a z\u00e1le\u017e\u00ed len na v\u00e1s, ako sa na to budete skuto\u010dne pozera\u0165. Nakoniec sa predsa len budete musie\u0165 zamyslie\u0165 nad t\u00fdm, \u010do je pre v\u00e1s d\u00f4le\u017eit\u00e9 a pre\u010do je to pre v\u00e1s naozaj d\u00f4le\u017eit\u00e9. Ja som sa rozhodla, \u017ee moja manik\u00fara bude pestr\u00e1 a budem sa z nej ka\u017ed\u00fd jeden de\u0148 te\u0161i\u0165. A verte tomu, \u017ee niekedy ku \u0161\u0165astiu a ku pohode sta\u010d\u00ed aj nie\u010do tak\u00e9to jednoduch\u00e9. Never\u00edte? Sk\u00faste to a pochop\u00edte, \u017ee to m\u00e1 v\u00fdznam. Aj ten najmen\u0161\u00ed, ale naozaj m\u00e1, verte tomu.                                                                                                                                                                                                                                                                                                                                                                                         4\/5 - (5 votes)        "},{"@context":"https:\/\/schema.org\/","@type":"BreadcrumbList","itemListElement":[{"@type":"ListItem","position":1,"name":"Ste spokojn\u00e1 so svojou manik\u00farou?","item":"https:\/\/www.sekacik.sk\/ste-spokojna-so-svojou-manikurou\/#breadcrumbitem"}]}]