[{"@context":"https:\/\/schema.org\/","@type":"Article","@id":"https:\/\/www.sekacik.sk\/sviatocna-manikura\/#Article","mainEntityOfPage":"https:\/\/www.sekacik.sk\/sviatocna-manikura\/","headline":"Sviato\u010dn\u00e1 manik\u00fara","name":"Sviato\u010dn\u00e1 manik\u00fara","description":"Ke\u010f pr\u00edde zima, zvy\u010dajne za\u010dn\u00fa \u013eudia pl\u00e1nova\u0165 r\u00f4zne viano\u010dn\u00e9 ve\u010dierky a besedy. Pred Vianocami sa jednoducho s tak\u00fdmi akciami priam roztrhne vrece. Ja patr\u00edm k <a href=\"https:\/\/www.sekacik.sk\/sviatocna-manikura\/\" class=\"btn btn-link continue-link\">Pre\u010d\u00edta\u0165<\/a>","datePublished":"2017-11-23","dateModified":"2023-04-27","author":{"@type":"Person","@id":"https:\/\/www.sekacik.sk\/author\/#Person","name":"","url":"https:\/\/www.sekacik.sk\/author\/","identifier":1,"image":{"@type":"ImageObject","@id":"https:\/\/secure.gravatar.com\/avatar\/e7b590144558ebad68292226b8af0772e2d53ba82fa105c348ae9b5254e51a11?s=96&d=mm&r=g","url":"https:\/\/secure.gravatar.com\/avatar\/e7b590144558ebad68292226b8af0772e2d53ba82fa105c348ae9b5254e51a11?s=96&d=mm&r=g","height":96,"width":96}},"publisher":{"@type":"Organization","name":"sekacik.sk","logo":{"@type":"ImageObject","@id":"\/logo.png","url":"\/logo.png","width":600,"height":60}},"image":{"@type":"ImageObject","@id":"https:\/\/www.sekacik.sk\/wp-content\/uploads\/img_a283855_w16522_t1513767670.jpg","url":"https:\/\/www.sekacik.sk\/wp-content\/uploads\/img_a283855_w16522_t1513767670.jpg","height":0,"width":0},"url":"https:\/\/www.sekacik.sk\/sviatocna-manikura\/","about":["V\u00fdrobky"],"wordCount":407,"articleBody":"Ke\u010f pr\u00edde zima, zvy\u010dajne za\u010dn\u00fa \u013eudia pl\u00e1nova\u0165 r\u00f4zne viano\u010dn\u00e9 ve\u010dierky a besedy. Pred Vianocami sa jednoducho s tak\u00fdmi akciami priam roztrhne vrece. Ja patr\u00edm k \u013eu\u010fom, ktor\u00ed to priam miluj\u00fa. Ka\u017ed\u00fd rok sa najviac te\u0161\u00edm pr\u00e1ve na predviano\u010dn\u00e9 obdobie, kedy sa budem m\u00f4c\u0165 poriadne vybl\u00e1zni\u0165 na ka\u017edom jednom viano\u010dnom ve\u010dierku. Mo\u017eno si o mne niektor\u00ed \u013eudia myslia, \u017ee som chor\u00e1, preto\u017ee som Vianocami doslova posadnut\u00e1, nakupujem dar\u010deky, st\u00e1le rozm\u00fd\u0161\u013eam nad ozdobami a v\u00f4bec. Ale povedala som si, \u017ee to m\u00f4\u017eem ka\u0161la\u0165. Nebudem  https:\/\/www.sport.cz\/fotbal\/serie-a\/clanek\/952010-serie-a-navzdory-chybam-nebude-rusit-videorozhodciho.html sa t\u00fdm v\u00f4bec zaobera\u0165, preto\u017ee ma to bav\u00ed a milujem tieto sviatky.Probl\u00e9m v\u0161ak nastal, ke\u010f som si uvedomila, \u017ee som bola pozvan\u00e1 na tri viano\u010dn\u00e9 ve\u010dierky za sebou.  Nie\u017eeby to bol probl\u00e9m, ale potrebovala som ma\u0165 perfektn\u00fa manik\u00faru. Nebavil ma oby\u010dajn\u00fd lak, tak\u017ee som musela n\u00e1js\u0165 nie\u010do, \u010do mi skuto\u010dne vydr\u017e\u00ed dlho. To bol v\u0161ak tvrd\u00fd orie\u0161ok. \u010co mi vydr\u017e\u00ed nepo\u0161koden\u00e9 tri t\u00fd\u017edne bez toho, aby ma to za\u010dalo nudi\u0165? Chcelo to nie\u010do sviato\u010dn\u00e9, nie\u010do skuto\u010dne ligotav\u00e9 a proste nie\u010do, z \u010doho budem nad\u0161en\u00e1. Za\u010dala som sa nad t\u00fdm v\u00e1\u017ene zam\u00fd\u0161\u013ea\u0165, no nevedela som na ni\u010d pr\u00eds\u0165. Jedin\u00e9, \u010do mi vych\u00e1dzalo bolo, \u017ee budem musie\u0165 zase lakova\u0165 oby\u010dajn\u00fdm lakom. Alebo nie?Na\u0161\u0165astie m\u00e1m kamar\u00e1tku, ktor\u00e1 mi poradila najlep\u0161ie rie\u0161enie. \u010cudujem sa, \u017ee to nenapadlo mne, ale asi u\u017e m\u00e1m hlavu tot\u00e1lne zahmlen\u00fa. Najlep\u0161\u00edm rie\u0161en\u00edm je pre m\u0148a gel na nechty. To je jednozna\u010dne to najlep\u0161ie, \u010do mi mohla poradi\u0165. Nie\u010do tak\u00e9to vydr\u017e\u00ed skuto\u010dne ve\u013emi dlho, no nevyzer\u00e1 to opotrebovane a ke\u010f zvol\u00edm vhodn\u00fa d\u013a\u017eku, bude to dokonca vyzera\u0165 aj prirodzene. No nie je to skuto\u010dne perfektn\u00e9 rie\u0161enie? Mysl\u00edm si, \u017ee ni\u010d lep\u0161ie mi u\u017e nemohlo sadn\u00fa\u0165. Takto si m\u00f4\u017eem vybra\u0165 aj nejak\u00fd viano\u010dn\u00fd mot\u00edv alebo jednoducho len nejak\u00e9 trblietky. Bolo to v\u0161etko len na mne, no vedela som, \u017ee budem s mojou manik\u00farou poriadne hviezdi\u0165. A to je nie\u010do, \u010do ma urob\u00ed \u0161\u0165astnou.                                                                                                                                                                                                                                                                                                                                                                                        4\/5 - (5 votes)        "},{"@context":"https:\/\/schema.org\/","@type":"BreadcrumbList","itemListElement":[{"@type":"ListItem","position":1,"name":"Sviato\u010dn\u00e1 manik\u00fara","item":"https:\/\/www.sekacik.sk\/sviatocna-manikura\/#breadcrumbitem"}]}]