[{"@context":"https:\/\/schema.org\/","@type":"Article","@id":"https:\/\/www.sekacik.sk\/v-skolke-sa-ma-pacit-hlavne-vasim-detom\/#Article","mainEntityOfPage":"https:\/\/www.sekacik.sk\/v-skolke-sa-ma-pacit-hlavne-vasim-detom\/","headline":"V \u0161k\u00f4lke sa m\u00e1 p\u00e1\u010di\u0165 hlavne va\u0161im de\u0165om","name":"V \u0161k\u00f4lke sa m\u00e1 p\u00e1\u010di\u0165 hlavne va\u0161im de\u0165om","description":"Po naroden\u00ed v\u00e1\u0161ho die\u0165atka \u010das utek\u00e1 ako spla\u0161en\u00fd, s\u00fa tu odrazu prv\u00e9 z\u00fabky, kr\u00f4\u010diky a r\u00e1no sa zobud\u00edte a zist\u00edte, \u017ee je \u010das vybera\u0165 vhodn\u00e9 <a href=\"https:\/\/www.sekacik.sk\/v-skolke-sa-ma-pacit-hlavne-vasim-detom\/\" class=\"btn btn-link continue-link\">Pre\u010d\u00edta\u0165<\/a>","datePublished":"2017-05-22","dateModified":"2023-04-27","author":{"@type":"Person","@id":"https:\/\/www.sekacik.sk\/author\/#Person","name":"","url":"https:\/\/www.sekacik.sk\/author\/","identifier":1,"image":{"@type":"ImageObject","@id":"https:\/\/secure.gravatar.com\/avatar\/e7b590144558ebad68292226b8af0772e2d53ba82fa105c348ae9b5254e51a11?s=96&d=mm&r=g","url":"https:\/\/secure.gravatar.com\/avatar\/e7b590144558ebad68292226b8af0772e2d53ba82fa105c348ae9b5254e51a11?s=96&d=mm&r=g","height":96,"width":96}},"publisher":{"@type":"Organization","name":"sekacik.sk","logo":{"@type":"ImageObject","@id":"\/logo.png","url":"\/logo.png","width":600,"height":60}},"image":{"@type":"ImageObject","@id":"https:\/\/www.sekacik.sk\/wp-content\/uploads\/img_a281773_w2036_t1501234744.jpg","url":"https:\/\/www.sekacik.sk\/wp-content\/uploads\/img_a281773_w2036_t1501234744.jpg","height":0,"width":0},"url":"https:\/\/www.sekacik.sk\/v-skolke-sa-ma-pacit-hlavne-vasim-detom\/","about":["Kr\u00e1sa"],"wordCount":470,"articleBody":"    Po naroden\u00ed v\u00e1\u0161ho die\u0165atka \u010das utek\u00e1 ako spla\u0161en\u00fd, s\u00fa tu odrazu prv\u00e9 z\u00fabky, kr\u00f4\u010diky a r\u00e1no sa zobud\u00edte a zist\u00edte, \u017ee je \u010das vybera\u0165 vhodn\u00e9 zariadenie pre opatrovanie, ke\u010f vy budete v pr\u00e1ci. Presne tak r\u00fdchlo utek\u00e1 \u010das rodi\u010dom a nast\u00e1vaj\u00fa starosti s t\u00fdm ako bude va\u0161e die\u0165atko zn\u00e1\u0161a\u0165 nov\u00e9 prostredie a \u00faplne bez v\u00e1s. Nie je to pr\u00edjemn\u00e9 obdobie pre dospel\u00fdch ani deti. Obavy, v\u00fd\u010ditky, sm\u00fatok, to v\u0161etko s\u00fa pocity z nov\u00fdch z\u00e1le\u017eitost\u00ed. Aby ste to u\u013eah\u010dili sebe aj va\u0161im deti\u010dk\u00e1m, tak je najlep\u0161ie si sadn\u00fa\u0165 a za\u010da\u0165 vybera\u0165 prostredie, ktor\u00e9 zaru\u010d\u00ed v\u00e1m a hlavne va\u0161im mali\u010dk\u00fdm, \u017ee sa v \u0148om bud\u00fa c\u00edti\u0165 dobre.  Naj\u017eiadanej\u0161\u00edm rie\u0161en\u00edm je s\u00fakromn\u00e1 \u0161k\u00f4lka Bratislava. D\u00f4vodov, pre\u010do pr\u00e1ve tento typ zariadenia je mnoho. V prvom rade men\u0161\u00ed po\u010det det\u00ed. Ne\u010dakaj\u00fa v\u00e1s preplnen\u00e9 triedy a t\u00fdm sa zni\u017euje i riziko \u010dast\u00fdch detsk\u00fdch ochoren\u00ed. Okrem toho je v\u00e4\u010d\u0161ia \u0161anca, \u017ee sa pani u\u010dite\u013eky, tety, \u010di vychov\u00e1vate\u013eky bud\u00fa m\u00f4c\u0165 ka\u017ed\u00e9mu z det\u00ed venova\u0165 individu\u00e1lne. \u010eal\u0161ou v\u00fdhodou je, \u017ee va\u0161e die\u0165a m\u00f4\u017ee by\u0165 prijat\u00e9 u\u017e po dov\u0155\u0161en\u00ed jedn\u00e9ho rokaa dokonca s plienkou a cuml\u00edkom. Verte, \u017ee za p\u00e1r dn\u00ed alebo t\u00fd\u017ed\u0148ov urob\u00ed va\u0161e die\u0165atko tak\u00e9 pokroky, \u017ee plienky ani cuml\u00edk nebudete potrebova\u0165. \u010ealej je to ur\u010dite zdrav\u00e9 stravovanie a celodenn\u00fd pitn\u00fd re\u017eim, \u010di dohovorenie sa na individu\u00e1lnom \u010dase opatery, ktor\u00fa si m\u00f4\u017eete zaisti\u0165 aj na ve\u010der. Mno\u017estvo v\u00fdletov, pobytu na \u010derstvom vzduchu a tie\u017e kr\u00fa\u017ekov, \u010di hrav\u00e9ho vyu\u010dovania jazykov va\u0161e deti zamestn\u00e1 nato\u013eko, \u017ee nebud\u00fa ma\u0165 ani \u010das na sm\u00fatok za vami. Ako n\u00e1hle pri n\u00e1vrate zist\u00edte, \u017ee v\u00e1m be\u017e\u00ed oproti vesel\u00e9 a vysmiate die\u0165a pln\u00e9 z\u00e1\u017eitkov, tak budete vedie\u0165, \u017ee ste vybrali to najlep\u0161ie prostredie, ak\u00e9 ste len mohli.  \u0160k\u00f4lka m\u00e1 by\u0165 tou najkraj\u0161ou spomienkou Mnoh\u00ed z n\u00e1s si z detstva pr\u00e1ve \u0161k\u00f4lku pam\u00e4taj\u00fa a spomienky neb\u00fdvaj\u00fa v\u017edy pr\u00edjemn\u00e9. R\u00e1no slzi\u010dky, pr\u00edsny re\u017eim a n\u00fatenie do jedla sp\u00f4sobili, \u017ee adapt\u00e1cia nedopadla najlep\u0161ie a trauma zostalo na cel\u00fd \u017eivot. S\u00fakromn\u00e1 \u0161k\u00f4lka Bratislava sa sna\u017e\u00ed tak\u00fdmto z\u00e1\u017eitkom vyhn\u00fa\u0165 a deti berie v\u0161etky do jedn\u00e9ho ako svoje vlastn\u00e9 a profesionalita i mil\u00fd pr\u00edstup k deti\u010dk\u00e1m s\u00fa z\u00e1kladom toho, aby im zostali iba kr\u00e1sne spomienky.                                                                                                                                                                                                                                                                                                                                                                                          4.5\/5 - (4 votes)        "},{"@context":"https:\/\/schema.org\/","@type":"BreadcrumbList","itemListElement":[{"@type":"ListItem","position":1,"name":"V \u0161k\u00f4lke sa m\u00e1 p\u00e1\u010di\u0165 hlavne va\u0161im de\u0165om","item":"https:\/\/www.sekacik.sk\/v-skolke-sa-ma-pacit-hlavne-vasim-detom\/#breadcrumbitem"}]}]