[{"@context":"https:\/\/schema.org\/","@type":"Article","@id":"https:\/\/www.sekacik.sk\/vyrieste-svoj-strach\/#Article","mainEntityOfPage":"https:\/\/www.sekacik.sk\/vyrieste-svoj-strach\/","headline":"Vyrie\u0161te svoj strach","name":"Vyrie\u0161te svoj strach","description":"Strach m\u00e1 ve\u013ek\u00e9 o\u010di- hovor\u00ed moja mama a je to veru pravda. Ako die\u0165a som sa b\u00e1la stra\u0161idiel pod poste\u013eou tak silno, \u017ee som nevedela <a href=\"https:\/\/www.sekacik.sk\/vyrieste-svoj-strach\/\" class=\"btn btn-link continue-link\">Pre\u010d\u00edta\u0165<\/a>","datePublished":"2018-12-24","dateModified":"2023-04-27","author":{"@type":"Person","@id":"https:\/\/www.sekacik.sk\/author\/#Person","name":"","url":"https:\/\/www.sekacik.sk\/author\/","identifier":1,"image":{"@type":"ImageObject","@id":"https:\/\/secure.gravatar.com\/avatar\/e7b590144558ebad68292226b8af0772e2d53ba82fa105c348ae9b5254e51a11?s=96&d=mm&r=g","url":"https:\/\/secure.gravatar.com\/avatar\/e7b590144558ebad68292226b8af0772e2d53ba82fa105c348ae9b5254e51a11?s=96&d=mm&r=g","height":96,"width":96}},"publisher":{"@type":"Organization","name":"sekacik.sk","logo":{"@type":"ImageObject","@id":"\/logo.png","url":"\/logo.png","width":600,"height":60}},"image":{"@type":"ImageObject","@id":"https:\/\/www.sekacik.sk\/wp-content\/uploads\/img_a295056_w16680_t1546017932.jpg","url":"https:\/\/www.sekacik.sk\/wp-content\/uploads\/img_a295056_w16680_t1546017932.jpg","height":0,"width":0},"url":"https:\/\/www.sekacik.sk\/vyrieste-svoj-strach\/","about":["Kr\u00e1sa"],"wordCount":402,"articleBody":" Strach m\u00e1 ve\u013ek\u00e9 o\u010di- hovor\u00ed moja mama a je to veru pravda. Ako die\u0165a som sa b\u00e1la stra\u0161idiel pod poste\u013eou tak silno, \u017ee som nevedela niekedy ani vsta\u0165 z postele a \u00eds\u0165 na z\u00e1chod. Moja m\u00fadra babi\u010dka ale vymyslela jednoduch\u00fd trik. V\u017edy pred span\u00edm so mnou pre\u0161la cel\u00fa izbu, ka\u017ed\u00fd k\u00fatik, aby som uverila, \u017ee tam nie je stra\u0161idlo a povedala, \u017ee stra\u0161idlo sa stra\u0161ne boj\u00ed levandule. A tak mi pomohla zhotovi\u0165 vo\u0148av\u00fa kyti\u010dku z kvietkov levandule a dali sme ju pod poste\u013e. Moja detsk\u00e1 du\u0161a tomu uverila a m\u00f4j probl\u00e9m pominul. Rovnako nesk\u00f4r som mala strach \u00eds\u0165 k zub\u00e1rovi. Odkladala som n\u00e1v\u0161tevu do vtedy, k\u00fdm ta boles\u0165 nebola neznesite\u013en\u00e1 a pokia\u013e m\u00f4j zub nemusel \u00eds\u0165 vonku. To vyrie\u0161ili tie\u017e moji rodi\u010dia jednoduch\u00fdm sp\u00f4sobom. V\u0161etci sme i\u0161li spolo\u010dne k zub\u00e1rovi so s\u013eubom, \u017ee mi ni\u010d nebude robi\u0165 iba pozrie z\u00fabky. Najprv prezrel rodi\u010dom, potom pri\u0161iel rad na m\u0148a. Nesmelo so otvorila \u00fasta a p\u00e1n doktor iba poprezeral z\u00fabky a pekne sa so mnou porozpr\u00e1val. S\u013e\u00fabila som mu, \u017ee ho pr\u00eddem nav\u0161t\u00edvi\u0165 \u010dastej\u0161ie, sk\u00f4r ako ma za\u010dn\u00fa bolie\u0165. Teraz ako dospel\u00e1 osoba m\u00e1m in\u00fd strach- strach o vlastn\u00e9 deti, strach o zamestnanie, strach o vlastn\u00e9 zdravie. Nikdy ale nedovol\u00edm, aby mi strach prer\u00e1stol cez hlavu. V\u017edy sa sna\u017e\u00edm robi\u0165 veci najlep\u0161ie ako viem. Nem\u00f4\u017eem ma\u0165 potom v\u00fd\u010ditky, \u017ee som si nie\u010do sp\u00f4sobila sama. Ke\u010f sa vyskytne ve\u013ek\u00fd probl\u00e9m, ktor\u00fd mi nedovol\u00ed sp\u00e1va\u0165, v\u017edy sa s rie\u0161en\u00edm probl\u00e9mu obr\u00e1tim na man\u017eela. V\u0161etky v\u00e1\u017ene veci rie\u0161ime spolu. Alebo sa sna\u017e\u00edm predstavi\u0165 si, \u010do najhor\u0161ie by sa mohlo sta\u0165. Ak toto prijmem a uvedom\u00edm si to, zrazu z\u00edskavam vn\u00fatorn\u00fa silu probl\u00e9m rie\u0161i\u0165. Zmen\u0161i\u0165 jeho d\u00f4sledky, alebo ho \u00faplne vyrie\u0161i\u0165. V\u0161etko je to naozaj iba v na\u0161ich hlav\u00e1ch ! Ka\u017ed\u00fd sa s nim mus\u00ed nau\u010di\u0165 vysporiada\u0165 sa po svojom  \u017divot je predsa tak\u00fd kr\u00e1sny, nem\u00f4\u017eeme sa iba b\u00e1\u0165. Mus\u00edme a chceme aj radostne \u017ei\u0165.                                                                                                                                                                                                                                                                                                                                                                                        4.7\/5 - (4 votes)        "},{"@context":"https:\/\/schema.org\/","@type":"BreadcrumbList","itemListElement":[{"@type":"ListItem","position":1,"name":"Vyrie\u0161te svoj strach","item":"https:\/\/www.sekacik.sk\/vyrieste-svoj-strach\/#breadcrumbitem"}]}]