[{"@context":"https:\/\/schema.org\/","@type":"Article","@id":"https:\/\/www.sekacik.sk\/vysledujme-co-ich-najviac-bavi\/#Article","mainEntityOfPage":"https:\/\/www.sekacik.sk\/vysledujme-co-ich-najviac-bavi\/","headline":"Vysledujme, \u010do ich najviac bav\u00ed","name":"Vysledujme, \u010do ich najviac bav\u00ed","description":"Mo\u017eno nem\u00e1te ve\u013ea pochopenia pre z\u00e1\u013eubu va\u0161ich det\u00ed v bunkroch postaven\u00fdch na zemi alebo v korun\u00e1ch stromov. Zd\u00e1 sa v\u00e1m to nebezpe\u010dn\u00e9 alebo nie pr\u00edli\u0161 <a href=\"https:\/\/www.sekacik.sk\/vysledujme-co-ich-najviac-bavi\/\" class=\"btn btn-link continue-link\">Pre\u010d\u00edta\u0165<\/a>","datePublished":"2017-04-14","dateModified":"2023-04-27","author":{"@type":"Person","@id":"https:\/\/www.sekacik.sk\/author\/#Person","name":"","url":"https:\/\/www.sekacik.sk\/author\/","identifier":1,"image":{"@type":"ImageObject","@id":"https:\/\/secure.gravatar.com\/avatar\/e7b590144558ebad68292226b8af0772e2d53ba82fa105c348ae9b5254e51a11?s=96&d=mm&r=g","url":"https:\/\/secure.gravatar.com\/avatar\/e7b590144558ebad68292226b8af0772e2d53ba82fa105c348ae9b5254e51a11?s=96&d=mm&r=g","height":96,"width":96}},"publisher":{"@type":"Organization","name":"sekacik.sk","logo":{"@type":"ImageObject","@id":"\/logo.png","url":"\/logo.png","width":600,"height":60}},"image":{"@type":"ImageObject","@id":"https:\/\/www.sekacik.sk\/wp-content\/uploads\/img_a281034_w16466_t1497436705.jpg","url":"https:\/\/www.sekacik.sk\/wp-content\/uploads\/img_a281034_w16466_t1497436705.jpg","height":0,"width":0},"url":"https:\/\/www.sekacik.sk\/vysledujme-co-ich-najviac-bavi\/","about":["V\u00fdrobky"],"wordCount":373,"articleBody":"Mo\u017eno nem\u00e1te ve\u013ea pochopenia pre z\u00e1\u013eubu va\u0161ich det\u00ed v bunkroch postaven\u00fdch na zemi alebo v korun\u00e1ch stromov. Zd\u00e1 sa v\u00e1m to nebezpe\u010dn\u00e9 alebo nie pr\u00edli\u0161 hygienick\u00e9, spome\u0148te si v\u0161ak na seba. Boli ste in\u00ed? Dos\u0165 o tom pochybujem. Roz\u010du\u013euj\u00fa v\u00e1s neust\u00e1le \u0161pinav\u00e9 alebo roztrhnut\u00e9 nohavice? Ko\u013eko ste ich roztrhli vy? Skr\u00e1tka, niekedy stoj\u00ed za to pozrie\u0165 sa do vlastnej minulosti predt\u00fdm, ne\u017e za\u010dnete nie\u010do zakazova\u0165 alebo odsudzova\u0165. Ak si chcete by\u0165 ist\u00ed, \u017ee va\u0161i potomkovia bud\u00fa tr\u00e1vi\u0165 \u010das v prostred\u00ed, ktor\u00e9 v\u00e1m vyhovuje, pok\u00faste sa im tak\u00e9 vytvori\u0165 doma. Dne\u0161n\u00e9 detske izby disponuj\u00fa variabilitou n\u00e1bytku, mno\u017estvom farieb a mo\u017enost\u00ed doplnkov, o ak\u00fdch sa v\u00e1m mo\u017eno ani nesn\u00edva. Urobte si tam hoci \u010ditate\u013esk\u00fd k\u00fatik, v ktorom bud\u00fa pohodln\u00e9 kresl\u00e1, vhodn\u00e9 osvetlenie a mal\u00e1 knihovni\u010dka, ktor\u00e1 bude obsahova\u0165 nielen s\u00fa\u010dasn\u00e9 hity, ale aj knihy, na ktor\u00e9 ste kedysi nedali dopusti\u0165 vy. Alebo vyjdite v \u00fastrety n\u00e1vrhom na k\u00fatik s technol\u00f3giami, ktor\u00e9 v\u0161ak budete pou\u017e\u00edva\u0165 v\u017edy spolu. Nau\u010d\u00edte tak ratolesti bezpe\u010dne ich pou\u017e\u00edva\u0165 a ktovie, mo\u017eno aj oni nau\u010dia nie\u010do v\u00e1s. Nebr\u00e1\u0148te sa tomu, m\u00f4\u017eete len z\u00edska\u0165. V\u00e1\u0161 syn alebo dc\u00e9ra radi lez\u00fa na stromy alebo dokonca na skaly? Lez\u00fa skr\u00e1tka v\u0161ade? Urobte im v izbe umel\u00fa lezeck\u00fa stenu. Bud\u00fa tak m\u00f4c\u0165 tr\u00e9nova\u0165 pod dozorom a vonku si u\u017e bud\u00fa ove\u013ea istej\u0161\u00ed, tak\u017ee ani vy u\u017e nebudete musie\u0165 ma\u0165 strach.Ka\u017ed\u00e9mu, \u010do jeho je M\u00e1te aj in\u00e9 n\u00e1pady? Ne\u010dudujem sa, ka\u017ed\u00e9 die\u0165a m\u00e1 svoje vlastn\u00e9 preferencie \u010di talent na nie\u010do in\u00e9 a je na n\u00e1s, aby sme ich podporili v tom, \u010do za podporu stoj\u00ed a nen\u00e1padne ich odhovorili od v\u0161etk\u00e9ho, \u010do im iste neprospeje. A hlavne s nimi tr\u00e1vme \u010do najviac \u010dasu, k\u00fdm o to e\u0161te stoja, preto\u017ee pr\u00edde \u010das, kedy to tak u\u017e nebude. Je to mo\u017eno smutn\u00e9, ale tak\u00fd je prirodzen\u00fd v\u00fdvoj.                                                                                                                                                                                                                                                                                                                                                                                        5\/5 - (3 votes)        "},{"@context":"https:\/\/schema.org\/","@type":"BreadcrumbList","itemListElement":[{"@type":"ListItem","position":1,"name":"Vysledujme, \u010do ich najviac bav\u00ed","item":"https:\/\/www.sekacik.sk\/vysledujme-co-ich-najviac-bavi\/#breadcrumbitem"}]}]