[{"@context":"https:\/\/schema.org\/","@type":"Article","@id":"https:\/\/www.sekacik.sk\/zamerajte-sa-na-dolezite-veci\/#Article","mainEntityOfPage":"https:\/\/www.sekacik.sk\/zamerajte-sa-na-dolezite-veci\/","headline":"Zamerajte sa na d\u00f4le\u017eit\u00e9 veci","name":"Zamerajte sa na d\u00f4le\u017eit\u00e9 veci","description":"Nebu\u010fte \u010dlovekom, ktor\u00fd nevie, \u010do od radosti. Verte tomu, \u017ee nech sa deje \u010doko\u013evek, vy sami nakoniec aj tak zist\u00edte, \u010do je pre v\u00e1s najlep\u0161ie <a href=\"https:\/\/www.sekacik.sk\/zamerajte-sa-na-dolezite-veci\/\" class=\"btn btn-link continue-link\">Pre\u010d\u00edta\u0165<\/a>","datePublished":"2019-01-21","dateModified":"2023-04-27","author":{"@type":"Person","@id":"https:\/\/www.sekacik.sk\/author\/#Person","name":"","url":"https:\/\/www.sekacik.sk\/author\/","identifier":1,"image":{"@type":"ImageObject","@id":"https:\/\/secure.gravatar.com\/avatar\/e7b590144558ebad68292226b8af0772e2d53ba82fa105c348ae9b5254e51a11?s=96&d=mm&r=g","url":"https:\/\/secure.gravatar.com\/avatar\/e7b590144558ebad68292226b8af0772e2d53ba82fa105c348ae9b5254e51a11?s=96&d=mm&r=g","height":96,"width":96}},"publisher":{"@type":"Organization","name":"sekacik.sk","logo":{"@type":"ImageObject","@id":"\/logo.png","url":"\/logo.png","width":600,"height":60}},"image":{"@type":"ImageObject","@id":"https:\/\/www.sekacik.sk\/wp-content\/uploads\/img_a296365_w16475_t1549104705.jpg","url":"https:\/\/www.sekacik.sk\/wp-content\/uploads\/img_a296365_w16475_t1549104705.jpg","height":0,"width":0},"url":"https:\/\/www.sekacik.sk\/zamerajte-sa-na-dolezite-veci\/","about":["V\u00fdrobky"],"wordCount":440,"articleBody":"Nebu\u010fte \u010dlovekom, ktor\u00fd nevie, \u010do od radosti. Verte tomu, \u017ee nech sa deje \u010doko\u013evek, vy sami nakoniec aj tak zist\u00edte, \u010do je pre v\u00e1s najlep\u0161ie a taktie\u017e aj to, pre\u010do by ste mali urobi\u0165 veci presne pod\u013ea pl\u00e1nu. Aj ke\u010f je jasn\u00e9, \u017ee nakoniec veci nemusia by\u0165 \u00faplne v poriadku, verte tomu, \u017ee nech sa deje \u010doko\u013evek, v\u0161etko bude v\u017edy pod\u013ea v\u00e1s a v\u0161etko bude hlavne tak, ako si to vy sami usporiadate. Je jasn\u00e9, \u017ee nakoniec ide v\u017edy hlavne o to, aby ste boli spokojn\u00fdm \u010dlovekom. Verte tomu, \u017ee \u017eeny \u010dasto b\u00fdvaj\u00fa nespokojn\u00e9 aj kv\u00f4li kravin\u00e1m, a to je ur\u010dite nie\u010do, \u010do by sme mali spolu obmedzi\u0165. Preto\u017ee nech sa deje \u010doko\u013evek, mali by ste sa poriadne oprie\u0165 hlavne do toho, aby boli okolo v\u00e1s veci dokonal\u00e9 a aby bolo v\u0161etko naozaj presne tak, ako d\u00fafate vy sami.  Ak by ste chceli urobi\u0165 nie\u010do preto, aby ste veci dotiahli do konca, je jasn\u00e9, \u017ee nakoniec to bude hlavne o v\u00e1s, o va\u0161ich rozhodnutiach a va\u0161om n\u00e1zore. Ale verte tomu, \u017ee ke\u010f sa raz do nie\u010doho pust\u00edte, mali by ste to dotiahnu\u0165 do \u00faspe\u0161n\u00e9ho konca. Je jasn\u00e9, \u017ee nie ka\u017ed\u00fd je s\u00e1m so sebou spokojn\u00fd a bohu\u017eia\u013e, je to \u00faplne norm\u00e1lne. To v\u0161ak neznamen\u00e1, \u017ee nem\u00f4\u017eete urobi\u0165 v\u0161etko preto, aby boli veci v poriadku. Ke\u010f\u017ee sami najlep\u0161ie viete, v\u010faka \u010domu sa dobre c\u00edtite a \u010do je pre v\u00e1s naozaj fajn, mo\u017eno by ste si mali uvedomi\u0165, \u017ee nech sa deje \u010doko\u013evek, v\u0161etko je v prvom rade o tom, aby boli veci v poriadku a aby boli veci naozaj kr\u00e1sne, preto\u017ee m\u00f4\u017eu by\u0165.  Asi je jasn\u00e9, \u017ee nie ka\u017ed\u00fd vie, \u010do by mal urobi\u0165 preto, aby bol v poriadku a nie ka\u017ed\u00fd vie, \u017ee pre \u017eenu je d\u00f4le\u017eit\u00e9, aby naozaj dobre vyzerala. Ale verte tomu, \u017ee ob\u010das sta\u010d\u00ed skuto\u010dne oby\u010dajn\u00fd ardell, aby sa ka\u017ed\u00e1 \u017eena c\u00edtila lep\u0161ie. Ono to mo\u017eno znie trochu smie\u0161ne, ale verte tomu, \u017ee ke\u010f sa nad t\u00fdm raz zamysl\u00edte, mus\u00edte sa pozrie\u0165 hlavne na to, \u010do je pre v\u00e1s perfektn\u00e9. Aj ke\u010f umel\u00e9 riasy nie s\u00fa pre \u017eeny \u010dasto ob\u013e\u00faben\u00e9, preto\u017ee maj\u00fa pocit, \u017ee im nepristan\u00fa, napriek tomu by ste sa mali poriadne zamyslie\u0165 nad t\u00fdm, \u010do je pre v\u00e1s najlep\u0161ie.                                                                                                                                                                                                                                                                                                                                                                                         4\/5 - (4 votes)        "},{"@context":"https:\/\/schema.org\/","@type":"BreadcrumbList","itemListElement":[{"@type":"ListItem","position":1,"name":"Zamerajte sa na d\u00f4le\u017eit\u00e9 veci","item":"https:\/\/www.sekacik.sk\/zamerajte-sa-na-dolezite-veci\/#breadcrumbitem"}]}]